{"id":10548,"date":"2026-04-25T00:20:47","date_gmt":"2026-04-24T22:20:47","guid":{"rendered":"https:\/\/www.cca-imago.fr\/?p=10548"},"modified":"2026-04-25T08:50:28","modified_gmt":"2026-04-25T06:50:28","slug":"groupe-nb-2025-2026-photo-hors-cadre","status":"publish","type":"post","link":"https:\/\/www.cca-imago.fr\/index.php\/2026\/04\/25\/groupe-nb-2025-2026-photo-hors-cadre\/","title":{"rendered":"Groupe N&amp;B 2025\/2026 &#8211; Photo hors cadre"},"content":{"rendered":"\n<p class=\"has-black-color has-text-color has-link-color wp-elements-d9049b0a50aad056118ebd13a5a64921\" style=\"font-style:normal;font-weight:400\">LIBEREZ LES PHOTOS !<\/p>\n\n\n\n<p class=\"has-black-color has-text-color has-link-color wp-elements-126a4cbf7e2a9c752cbbf88dc833cf32\" style=\"font-style:normal;font-weight:400\">Assez d&rsquo;\u00eatre enferm\u00e9es dans un cadre !<\/p>\n\n\n\n<p class=\"has-black-color has-text-color has-link-color wp-elements-0007352d149af86a78e73a4bdb626b56\" style=\"font-style:normal;font-weight:400\">Marie-Louise laisse nous respirer !<\/p>\n\n\n\n<p class=\"has-black-color has-text-color has-link-color wp-elements-b24e6047efa7fff9dd74b83e147b0cc9\" style=\"font-style:normal;font-weight:400\">Pr\u00e9sentations de photos de mani\u00e8re diff\u00e9rente et sortant de l&rsquo;ordinaire : agamographes, leporellos, puzzles, store v\u00e9nitien, assemblage, superposition, &#8230;. et tant d&rsquo;autres possibles encore.<\/p>\n\n\n\n<div class=\"wp-block-group is-layout-grid wp-container-core-group-is-layout-148d70a5 wp-block-group-is-layout-grid\">\n<figure class=\"wp-block-video\"><video height=\"1080\" style=\"aspect-ratio: 1920 \/ 1080;\" width=\"1920\" controls src=\"https:\/\/www.cca-imago.fr\/wp-content\/uploads\/2026\/04\/Aga-Meaux-graphe.mp4\"><\/video><\/figure>\n\n\n\n<figure class=\"wp-block-video\"><video height=\"1080\" style=\"aspect-ratio: 1920 \/ 1080;\" width=\"1920\" controls src=\"https:\/\/www.cca-imago.fr\/wp-content\/uploads\/2026\/04\/store-AlainP.mp4\"><\/video><\/figure>\n<\/div>\n\n\n\n<figure class=\"wp-block-gallery has-nested-images columns-default is-cropped wp-block-gallery-2 is-layout-flex wp-block-gallery-is-layout-flex\">\n<figure class=\"wp-block-image size-large\"><img loading=\"lazy\" decoding=\"async\" width=\"768\" height=\"1024\" data-id=\"10539\" src=\"https:\/\/www.cca-imago.fr\/wp-content\/uploads\/2026\/04\/AP_IMG_2406-768x1024.jpg\" alt=\"\" class=\"wp-image-10539\" srcset=\"https:\/\/www.cca-imago.fr\/wp-content\/uploads\/2026\/04\/AP_IMG_2406-768x1024.jpg 768w, https:\/\/www.cca-imago.fr\/wp-content\/uploads\/2026\/04\/AP_IMG_2406-225x300.jpg 225w, https:\/\/www.cca-imago.fr\/wp-content\/uploads\/2026\/04\/AP_IMG_2406-1152x1536.jpg 1152w, https:\/\/www.cca-imago.fr\/wp-content\/uploads\/2026\/04\/AP_IMG_2406.jpg 1440w\" sizes=\"auto, (max-width: 768px) 100vw, 768px\" \/><\/figure>\n\n\n\n<figure class=\"wp-block-image size-large\"><img loading=\"lazy\" decoding=\"async\" width=\"1024\" height=\"768\" data-id=\"10538\" src=\"https:\/\/www.cca-imago.fr\/wp-content\/uploads\/2026\/04\/AP_IMG_2404-1024x768.jpg\" alt=\"\" class=\"wp-image-10538\" srcset=\"https:\/\/www.cca-imago.fr\/wp-content\/uploads\/2026\/04\/AP_IMG_2404-1024x768.jpg 1024w, https:\/\/www.cca-imago.fr\/wp-content\/uploads\/2026\/04\/AP_IMG_2404-300x225.jpg 300w, https:\/\/www.cca-imago.fr\/wp-content\/uploads\/2026\/04\/AP_IMG_2404-768x576.jpg 768w, https:\/\/www.cca-imago.fr\/wp-content\/uploads\/2026\/04\/AP_IMG_2404-1536x1152.jpg 1536w, https:\/\/www.cca-imago.fr\/wp-content\/uploads\/2026\/04\/AP_IMG_2404.jpg 1920w\" sizes=\"auto, (max-width: 1024px) 100vw, 1024px\" \/><\/figure>\n\n\n\n<figure class=\"wp-block-image size-large\"><img loading=\"lazy\" decoding=\"async\" width=\"1024\" height=\"768\" data-id=\"10537\" src=\"https:\/\/www.cca-imago.fr\/wp-content\/uploads\/2026\/04\/AP_Expo-hors-du-cadre_18-1024x768.jpg\" alt=\"\" class=\"wp-image-10537\" srcset=\"https:\/\/www.cca-imago.fr\/wp-content\/uploads\/2026\/04\/AP_Expo-hors-du-cadre_18-1024x768.jpg 1024w, https:\/\/www.cca-imago.fr\/wp-content\/uploads\/2026\/04\/AP_Expo-hors-du-cadre_18-300x225.jpg 300w, https:\/\/www.cca-imago.fr\/wp-content\/uploads\/2026\/04\/AP_Expo-hors-du-cadre_18-768x576.jpg 768w, https:\/\/www.cca-imago.fr\/wp-content\/uploads\/2026\/04\/AP_Expo-hors-du-cadre_18-1536x1152.jpg 1536w, https:\/\/www.cca-imago.fr\/wp-content\/uploads\/2026\/04\/AP_Expo-hors-du-cadre_18.jpg 1920w\" sizes=\"auto, (max-width: 1024px) 100vw, 1024px\" \/><\/figure>\n\n\n\n<figure class=\"wp-block-image size-large\"><img loading=\"lazy\" decoding=\"async\" width=\"1024\" height=\"768\" data-id=\"10536\" src=\"https:\/\/www.cca-imago.fr\/wp-content\/uploads\/2026\/04\/AP_Expo-hors-du-cadre_17-1024x768.jpg\" alt=\"\" class=\"wp-image-10536\" srcset=\"https:\/\/www.cca-imago.fr\/wp-content\/uploads\/2026\/04\/AP_Expo-hors-du-cadre_17-1024x768.jpg 1024w, https:\/\/www.cca-imago.fr\/wp-content\/uploads\/2026\/04\/AP_Expo-hors-du-cadre_17-300x225.jpg 300w, https:\/\/www.cca-imago.fr\/wp-content\/uploads\/2026\/04\/AP_Expo-hors-du-cadre_17-768x576.jpg 768w, https:\/\/www.cca-imago.fr\/wp-content\/uploads\/2026\/04\/AP_Expo-hors-du-cadre_17-1536x1152.jpg 1536w, https:\/\/www.cca-imago.fr\/wp-content\/uploads\/2026\/04\/AP_Expo-hors-du-cadre_17.jpg 1920w\" sizes=\"auto, (max-width: 1024px) 100vw, 1024px\" \/><\/figure>\n\n\n\n<figure class=\"wp-block-image size-large\"><img loading=\"lazy\" decoding=\"async\" width=\"1024\" height=\"580\" data-id=\"10535\" src=\"https:\/\/www.cca-imago.fr\/wp-content\/uploads\/2026\/04\/AP_Expo-hors-du-cadre_16-1024x580.jpg\" alt=\"\" class=\"wp-image-10535\" srcset=\"https:\/\/www.cca-imago.fr\/wp-content\/uploads\/2026\/04\/AP_Expo-hors-du-cadre_16-1024x580.jpg 1024w, https:\/\/www.cca-imago.fr\/wp-content\/uploads\/2026\/04\/AP_Expo-hors-du-cadre_16-300x170.jpg 300w, https:\/\/www.cca-imago.fr\/wp-content\/uploads\/2026\/04\/AP_Expo-hors-du-cadre_16-768x435.jpg 768w, https:\/\/www.cca-imago.fr\/wp-content\/uploads\/2026\/04\/AP_Expo-hors-du-cadre_16-1536x870.jpg 1536w, https:\/\/www.cca-imago.fr\/wp-content\/uploads\/2026\/04\/AP_Expo-hors-du-cadre_16.jpg 1920w\" sizes=\"auto, (max-width: 1024px) 100vw, 1024px\" \/><\/figure>\n\n\n\n<figure class=\"wp-block-image size-large\"><img loading=\"lazy\" decoding=\"async\" width=\"1024\" height=\"768\" data-id=\"10534\" src=\"https:\/\/www.cca-imago.fr\/wp-content\/uploads\/2026\/04\/AP_Expo-hors-du-cadre_15-1024x768.jpg\" alt=\"\" class=\"wp-image-10534\" srcset=\"https:\/\/www.cca-imago.fr\/wp-content\/uploads\/2026\/04\/AP_Expo-hors-du-cadre_15-1024x768.jpg 1024w, https:\/\/www.cca-imago.fr\/wp-content\/uploads\/2026\/04\/AP_Expo-hors-du-cadre_15-300x225.jpg 300w, https:\/\/www.cca-imago.fr\/wp-content\/uploads\/2026\/04\/AP_Expo-hors-du-cadre_15-768x576.jpg 768w, https:\/\/www.cca-imago.fr\/wp-content\/uploads\/2026\/04\/AP_Expo-hors-du-cadre_15-1536x1152.jpg 1536w, https:\/\/www.cca-imago.fr\/wp-content\/uploads\/2026\/04\/AP_Expo-hors-du-cadre_15.jpg 1920w\" sizes=\"auto, (max-width: 1024px) 100vw, 1024px\" \/><\/figure>\n\n\n\n<figure class=\"wp-block-image size-large\"><img loading=\"lazy\" decoding=\"async\" width=\"1024\" height=\"768\" data-id=\"10533\" src=\"https:\/\/www.cca-imago.fr\/wp-content\/uploads\/2026\/04\/AP_Expo-hors-du-cadre_14-1024x768.jpg\" alt=\"\" class=\"wp-image-10533\" srcset=\"https:\/\/www.cca-imago.fr\/wp-content\/uploads\/2026\/04\/AP_Expo-hors-du-cadre_14-1024x768.jpg 1024w, https:\/\/www.cca-imago.fr\/wp-content\/uploads\/2026\/04\/AP_Expo-hors-du-cadre_14-300x225.jpg 300w, https:\/\/www.cca-imago.fr\/wp-content\/uploads\/2026\/04\/AP_Expo-hors-du-cadre_14-768x576.jpg 768w, https:\/\/www.cca-imago.fr\/wp-content\/uploads\/2026\/04\/AP_Expo-hors-du-cadre_14-1536x1152.jpg 1536w, https:\/\/www.cca-imago.fr\/wp-content\/uploads\/2026\/04\/AP_Expo-hors-du-cadre_14.jpg 1920w\" sizes=\"auto, (max-width: 1024px) 100vw, 1024px\" \/><\/figure>\n\n\n\n<figure class=\"wp-block-image size-large\"><img loading=\"lazy\" decoding=\"async\" width=\"1024\" height=\"768\" data-id=\"10532\" src=\"https:\/\/www.cca-imago.fr\/wp-content\/uploads\/2026\/04\/AP_Expo-hors-du-cadre_13-1024x768.jpg\" alt=\"\" class=\"wp-image-10532\" srcset=\"https:\/\/www.cca-imago.fr\/wp-content\/uploads\/2026\/04\/AP_Expo-hors-du-cadre_13-1024x768.jpg 1024w, https:\/\/www.cca-imago.fr\/wp-content\/uploads\/2026\/04\/AP_Expo-hors-du-cadre_13-300x225.jpg 300w, https:\/\/www.cca-imago.fr\/wp-content\/uploads\/2026\/04\/AP_Expo-hors-du-cadre_13-768x576.jpg 768w, https:\/\/www.cca-imago.fr\/wp-content\/uploads\/2026\/04\/AP_Expo-hors-du-cadre_13-1536x1152.jpg 1536w, https:\/\/www.cca-imago.fr\/wp-content\/uploads\/2026\/04\/AP_Expo-hors-du-cadre_13.jpg 1920w\" sizes=\"auto, (max-width: 1024px) 100vw, 1024px\" \/><\/figure>\n\n\n\n<figure class=\"wp-block-image size-large\"><img loading=\"lazy\" decoding=\"async\" width=\"1024\" height=\"768\" data-id=\"10531\" src=\"https:\/\/www.cca-imago.fr\/wp-content\/uploads\/2026\/04\/AP_Expo-hors-du-cadre_12-1024x768.jpg\" alt=\"\" class=\"wp-image-10531\" srcset=\"https:\/\/www.cca-imago.fr\/wp-content\/uploads\/2026\/04\/AP_Expo-hors-du-cadre_12-1024x768.jpg 1024w, https:\/\/www.cca-imago.fr\/wp-content\/uploads\/2026\/04\/AP_Expo-hors-du-cadre_12-300x225.jpg 300w, https:\/\/www.cca-imago.fr\/wp-content\/uploads\/2026\/04\/AP_Expo-hors-du-cadre_12-768x576.jpg 768w, https:\/\/www.cca-imago.fr\/wp-content\/uploads\/2026\/04\/AP_Expo-hors-du-cadre_12-1536x1152.jpg 1536w, https:\/\/www.cca-imago.fr\/wp-content\/uploads\/2026\/04\/AP_Expo-hors-du-cadre_12.jpg 1920w\" sizes=\"auto, (max-width: 1024px) 100vw, 1024px\" \/><\/figure>\n\n\n\n<figure class=\"wp-block-image size-large\"><img loading=\"lazy\" decoding=\"async\" width=\"1024\" height=\"840\" data-id=\"10530\" src=\"https:\/\/www.cca-imago.fr\/wp-content\/uploads\/2026\/04\/AP_Expo-hors-du-cadre_11-1024x840.jpg\" alt=\"\" class=\"wp-image-10530\" srcset=\"https:\/\/www.cca-imago.fr\/wp-content\/uploads\/2026\/04\/AP_Expo-hors-du-cadre_11-1024x840.jpg 1024w, https:\/\/www.cca-imago.fr\/wp-content\/uploads\/2026\/04\/AP_Expo-hors-du-cadre_11-300x246.jpg 300w, https:\/\/www.cca-imago.fr\/wp-content\/uploads\/2026\/04\/AP_Expo-hors-du-cadre_11-768x630.jpg 768w, https:\/\/www.cca-imago.fr\/wp-content\/uploads\/2026\/04\/AP_Expo-hors-du-cadre_11-1536x1260.jpg 1536w, https:\/\/www.cca-imago.fr\/wp-content\/uploads\/2026\/04\/AP_Expo-hors-du-cadre_11.jpg 1920w\" sizes=\"auto, (max-width: 1024px) 100vw, 1024px\" \/><\/figure>\n\n\n\n<figure class=\"wp-block-image size-large\"><img loading=\"lazy\" decoding=\"async\" width=\"1024\" height=\"989\" data-id=\"10529\" src=\"https:\/\/www.cca-imago.fr\/wp-content\/uploads\/2026\/04\/AP_Expo-hors-du-cadre_10-1024x989.jpg\" alt=\"\" class=\"wp-image-10529\" srcset=\"https:\/\/www.cca-imago.fr\/wp-content\/uploads\/2026\/04\/AP_Expo-hors-du-cadre_10-1024x989.jpg 1024w, https:\/\/www.cca-imago.fr\/wp-content\/uploads\/2026\/04\/AP_Expo-hors-du-cadre_10-300x290.jpg 300w, https:\/\/www.cca-imago.fr\/wp-content\/uploads\/2026\/04\/AP_Expo-hors-du-cadre_10-768x742.jpg 768w, https:\/\/www.cca-imago.fr\/wp-content\/uploads\/2026\/04\/AP_Expo-hors-du-cadre_10-1536x1484.jpg 1536w, https:\/\/www.cca-imago.fr\/wp-content\/uploads\/2026\/04\/AP_Expo-hors-du-cadre_10.jpg 1920w\" sizes=\"auto, (max-width: 1024px) 100vw, 1024px\" \/><\/figure>\n\n\n\n<figure class=\"wp-block-image size-large\"><img loading=\"lazy\" decoding=\"async\" width=\"768\" height=\"1024\" data-id=\"10528\" src=\"https:\/\/www.cca-imago.fr\/wp-content\/uploads\/2026\/04\/AP_Expo-hors-du-cadre_09-768x1024.jpg\" alt=\"\" class=\"wp-image-10528\" srcset=\"https:\/\/www.cca-imago.fr\/wp-content\/uploads\/2026\/04\/AP_Expo-hors-du-cadre_09-768x1024.jpg 768w, https:\/\/www.cca-imago.fr\/wp-content\/uploads\/2026\/04\/AP_Expo-hors-du-cadre_09-225x300.jpg 225w, https:\/\/www.cca-imago.fr\/wp-content\/uploads\/2026\/04\/AP_Expo-hors-du-cadre_09-1152x1536.jpg 1152w, https:\/\/www.cca-imago.fr\/wp-content\/uploads\/2026\/04\/AP_Expo-hors-du-cadre_09.jpg 1440w\" sizes=\"auto, (max-width: 768px) 100vw, 768px\" \/><\/figure>\n\n\n\n<figure class=\"wp-block-image size-large\"><img loading=\"lazy\" decoding=\"async\" width=\"768\" height=\"1024\" data-id=\"10527\" src=\"https:\/\/www.cca-imago.fr\/wp-content\/uploads\/2026\/04\/AP_Expo-hors-du-cadre_08-768x1024.jpg\" alt=\"\" class=\"wp-image-10527\" srcset=\"https:\/\/www.cca-imago.fr\/wp-content\/uploads\/2026\/04\/AP_Expo-hors-du-cadre_08-768x1024.jpg 768w, https:\/\/www.cca-imago.fr\/wp-content\/uploads\/2026\/04\/AP_Expo-hors-du-cadre_08-225x300.jpg 225w, https:\/\/www.cca-imago.fr\/wp-content\/uploads\/2026\/04\/AP_Expo-hors-du-cadre_08-1152x1536.jpg 1152w, https:\/\/www.cca-imago.fr\/wp-content\/uploads\/2026\/04\/AP_Expo-hors-du-cadre_08.jpg 1440w\" sizes=\"auto, (max-width: 768px) 100vw, 768px\" \/><\/figure>\n\n\n\n<figure class=\"wp-block-image size-large\"><img loading=\"lazy\" decoding=\"async\" width=\"768\" height=\"1024\" data-id=\"10526\" src=\"https:\/\/www.cca-imago.fr\/wp-content\/uploads\/2026\/04\/AP_Expo-hors-du-cadre_07-768x1024.jpg\" alt=\"\" class=\"wp-image-10526\" srcset=\"https:\/\/www.cca-imago.fr\/wp-content\/uploads\/2026\/04\/AP_Expo-hors-du-cadre_07-768x1024.jpg 768w, https:\/\/www.cca-imago.fr\/wp-content\/uploads\/2026\/04\/AP_Expo-hors-du-cadre_07-225x300.jpg 225w, https:\/\/www.cca-imago.fr\/wp-content\/uploads\/2026\/04\/AP_Expo-hors-du-cadre_07-1152x1536.jpg 1152w, https:\/\/www.cca-imago.fr\/wp-content\/uploads\/2026\/04\/AP_Expo-hors-du-cadre_07.jpg 1440w\" sizes=\"auto, (max-width: 768px) 100vw, 768px\" \/><\/figure>\n\n\n\n<figure class=\"wp-block-image size-large\"><img loading=\"lazy\" decoding=\"async\" width=\"768\" height=\"1024\" data-id=\"10525\" src=\"https:\/\/www.cca-imago.fr\/wp-content\/uploads\/2026\/04\/AP_Expo-hors-du-cadre_06-768x1024.jpg\" alt=\"\" class=\"wp-image-10525\" srcset=\"https:\/\/www.cca-imago.fr\/wp-content\/uploads\/2026\/04\/AP_Expo-hors-du-cadre_06-768x1024.jpg 768w, https:\/\/www.cca-imago.fr\/wp-content\/uploads\/2026\/04\/AP_Expo-hors-du-cadre_06-225x300.jpg 225w, https:\/\/www.cca-imago.fr\/wp-content\/uploads\/2026\/04\/AP_Expo-hors-du-cadre_06-1152x1536.jpg 1152w, https:\/\/www.cca-imago.fr\/wp-content\/uploads\/2026\/04\/AP_Expo-hors-du-cadre_06.jpg 1440w\" sizes=\"auto, (max-width: 768px) 100vw, 768px\" \/><\/figure>\n\n\n\n<figure class=\"wp-block-image size-large\"><img loading=\"lazy\" decoding=\"async\" width=\"768\" height=\"1024\" data-id=\"10524\" src=\"https:\/\/www.cca-imago.fr\/wp-content\/uploads\/2026\/04\/AP_Expo-hors-du-cadre_05-768x1024.jpg\" alt=\"\" class=\"wp-image-10524\" srcset=\"https:\/\/www.cca-imago.fr\/wp-content\/uploads\/2026\/04\/AP_Expo-hors-du-cadre_05-768x1024.jpg 768w, https:\/\/www.cca-imago.fr\/wp-content\/uploads\/2026\/04\/AP_Expo-hors-du-cadre_05-225x300.jpg 225w, https:\/\/www.cca-imago.fr\/wp-content\/uploads\/2026\/04\/AP_Expo-hors-du-cadre_05-1152x1536.jpg 1152w, https:\/\/www.cca-imago.fr\/wp-content\/uploads\/2026\/04\/AP_Expo-hors-du-cadre_05.jpg 1440w\" sizes=\"auto, (max-width: 768px) 100vw, 768px\" \/><\/figure>\n\n\n\n<figure class=\"wp-block-image size-large\"><img loading=\"lazy\" decoding=\"async\" width=\"768\" height=\"1024\" data-id=\"10523\" src=\"https:\/\/www.cca-imago.fr\/wp-content\/uploads\/2026\/04\/AP_Expo-hors-du-cadre_04-768x1024.jpg\" alt=\"\" class=\"wp-image-10523\" srcset=\"https:\/\/www.cca-imago.fr\/wp-content\/uploads\/2026\/04\/AP_Expo-hors-du-cadre_04-768x1024.jpg 768w, https:\/\/www.cca-imago.fr\/wp-content\/uploads\/2026\/04\/AP_Expo-hors-du-cadre_04-225x300.jpg 225w, https:\/\/www.cca-imago.fr\/wp-content\/uploads\/2026\/04\/AP_Expo-hors-du-cadre_04-1152x1536.jpg 1152w, https:\/\/www.cca-imago.fr\/wp-content\/uploads\/2026\/04\/AP_Expo-hors-du-cadre_04.jpg 1440w\" sizes=\"auto, (max-width: 768px) 100vw, 768px\" \/><\/figure>\n\n\n\n<figure class=\"wp-block-image size-large\"><img loading=\"lazy\" decoding=\"async\" width=\"768\" height=\"1024\" data-id=\"10522\" src=\"https:\/\/www.cca-imago.fr\/wp-content\/uploads\/2026\/04\/AP_Expo-hors-du-cadre_03-768x1024.jpg\" alt=\"\" class=\"wp-image-10522\" srcset=\"https:\/\/www.cca-imago.fr\/wp-content\/uploads\/2026\/04\/AP_Expo-hors-du-cadre_03-768x1024.jpg 768w, https:\/\/www.cca-imago.fr\/wp-content\/uploads\/2026\/04\/AP_Expo-hors-du-cadre_03-225x300.jpg 225w, https:\/\/www.cca-imago.fr\/wp-content\/uploads\/2026\/04\/AP_Expo-hors-du-cadre_03-1152x1536.jpg 1152w, https:\/\/www.cca-imago.fr\/wp-content\/uploads\/2026\/04\/AP_Expo-hors-du-cadre_03.jpg 1440w\" sizes=\"auto, (max-width: 768px) 100vw, 768px\" \/><\/figure>\n\n\n\n<figure class=\"wp-block-image size-large\"><img loading=\"lazy\" decoding=\"async\" width=\"768\" height=\"1024\" data-id=\"10521\" src=\"https:\/\/www.cca-imago.fr\/wp-content\/uploads\/2026\/04\/AP_Expo-hors-du-cadre_02-768x1024.jpg\" alt=\"\" class=\"wp-image-10521\" srcset=\"https:\/\/www.cca-imago.fr\/wp-content\/uploads\/2026\/04\/AP_Expo-hors-du-cadre_02-768x1024.jpg 768w, https:\/\/www.cca-imago.fr\/wp-content\/uploads\/2026\/04\/AP_Expo-hors-du-cadre_02-225x300.jpg 225w, https:\/\/www.cca-imago.fr\/wp-content\/uploads\/2026\/04\/AP_Expo-hors-du-cadre_02-1152x1536.jpg 1152w, https:\/\/www.cca-imago.fr\/wp-content\/uploads\/2026\/04\/AP_Expo-hors-du-cadre_02.jpg 1440w\" sizes=\"auto, (max-width: 768px) 100vw, 768px\" \/><\/figure>\n\n\n\n<figure class=\"wp-block-image size-large\"><img loading=\"lazy\" decoding=\"async\" width=\"768\" height=\"1024\" data-id=\"10520\" src=\"https:\/\/www.cca-imago.fr\/wp-content\/uploads\/2026\/04\/AP_Expo-hors-du-cadre_01-768x1024.jpg\" alt=\"\" class=\"wp-image-10520\" srcset=\"https:\/\/www.cca-imago.fr\/wp-content\/uploads\/2026\/04\/AP_Expo-hors-du-cadre_01-768x1024.jpg 768w, https:\/\/www.cca-imago.fr\/wp-content\/uploads\/2026\/04\/AP_Expo-hors-du-cadre_01-225x300.jpg 225w, https:\/\/www.cca-imago.fr\/wp-content\/uploads\/2026\/04\/AP_Expo-hors-du-cadre_01-1152x1536.jpg 1152w, https:\/\/www.cca-imago.fr\/wp-content\/uploads\/2026\/04\/AP_Expo-hors-du-cadre_01.jpg 1440w\" sizes=\"auto, (max-width: 768px) 100vw, 768px\" \/><\/figure>\n<\/figure>\n\n\n\n<p><\/p>\n\n\n\n<p><\/p>\n\n\n\n<p class=\"has-black-color has-text-color has-link-color wp-elements-be2013c069c8a3b1851ad08393fb5271\" style=\"font-style:normal;font-weight:400\">Et le making-off de l&rsquo;exposition&#8230;<\/p>\n\n\n\n<figure class=\"wp-block-gallery has-nested-images columns-default is-cropped wp-block-gallery-3 is-layout-flex wp-block-gallery-is-layout-flex\">\n<figure class=\"wp-block-image size-large\"><img loading=\"lazy\" decoding=\"async\" width=\"640\" height=\"480\" data-id=\"10544\" src=\"https:\/\/www.cca-imago.fr\/wp-content\/uploads\/2026\/04\/MO_IMG_8441.jpg\" alt=\"\" class=\"wp-image-10544\" srcset=\"https:\/\/www.cca-imago.fr\/wp-content\/uploads\/2026\/04\/MO_IMG_8441.jpg 640w, https:\/\/www.cca-imago.fr\/wp-content\/uploads\/2026\/04\/MO_IMG_8441-300x225.jpg 300w\" sizes=\"auto, (max-width: 640px) 100vw, 640px\" \/><\/figure>\n\n\n\n<figure class=\"wp-block-image size-large\"><img loading=\"lazy\" decoding=\"async\" width=\"1024\" height=\"768\" data-id=\"10540\" src=\"https:\/\/www.cca-imago.fr\/wp-content\/uploads\/2026\/04\/MO_IMG_2291-1024x768.jpg\" alt=\"\" class=\"wp-image-10540\" srcset=\"https:\/\/www.cca-imago.fr\/wp-content\/uploads\/2026\/04\/MO_IMG_2291-1024x768.jpg 1024w, https:\/\/www.cca-imago.fr\/wp-content\/uploads\/2026\/04\/MO_IMG_2291-300x225.jpg 300w, https:\/\/www.cca-imago.fr\/wp-content\/uploads\/2026\/04\/MO_IMG_2291-768x576.jpg 768w, https:\/\/www.cca-imago.fr\/wp-content\/uploads\/2026\/04\/MO_IMG_2291-1536x1152.jpg 1536w, https:\/\/www.cca-imago.fr\/wp-content\/uploads\/2026\/04\/MO_IMG_2291.jpg 1920w\" sizes=\"auto, (max-width: 1024px) 100vw, 1024px\" \/><\/figure>\n\n\n\n<figure class=\"wp-block-image size-large\"><img loading=\"lazy\" decoding=\"async\" width=\"640\" height=\"480\" data-id=\"10545\" src=\"https:\/\/www.cca-imago.fr\/wp-content\/uploads\/2026\/04\/MO_IMG_8442.jpg\" alt=\"\" class=\"wp-image-10545\" srcset=\"https:\/\/www.cca-imago.fr\/wp-content\/uploads\/2026\/04\/MO_IMG_8442.jpg 640w, https:\/\/www.cca-imago.fr\/wp-content\/uploads\/2026\/04\/MO_IMG_8442-300x225.jpg 300w\" sizes=\"auto, (max-width: 640px) 100vw, 640px\" \/><\/figure>\n\n\n\n<figure class=\"wp-block-image size-large\"><img loading=\"lazy\" decoding=\"async\" width=\"1024\" height=\"768\" data-id=\"10542\" src=\"https:\/\/www.cca-imago.fr\/wp-content\/uploads\/2026\/04\/MO_IMG_2298-1024x768.jpg\" alt=\"\" class=\"wp-image-10542\" srcset=\"https:\/\/www.cca-imago.fr\/wp-content\/uploads\/2026\/04\/MO_IMG_2298-1024x768.jpg 1024w, https:\/\/www.cca-imago.fr\/wp-content\/uploads\/2026\/04\/MO_IMG_2298-300x225.jpg 300w, https:\/\/www.cca-imago.fr\/wp-content\/uploads\/2026\/04\/MO_IMG_2298-768x576.jpg 768w, https:\/\/www.cca-imago.fr\/wp-content\/uploads\/2026\/04\/MO_IMG_2298-1536x1152.jpg 1536w, https:\/\/www.cca-imago.fr\/wp-content\/uploads\/2026\/04\/MO_IMG_2298.jpg 1920w\" sizes=\"auto, (max-width: 1024px) 100vw, 1024px\" \/><\/figure>\n\n\n\n<figure class=\"wp-block-image size-large\"><img loading=\"lazy\" decoding=\"async\" width=\"768\" height=\"1024\" data-id=\"10543\" src=\"https:\/\/www.cca-imago.fr\/wp-content\/uploads\/2026\/04\/MO_IMG_2302-768x1024.jpg\" alt=\"\" class=\"wp-image-10543\" srcset=\"https:\/\/www.cca-imago.fr\/wp-content\/uploads\/2026\/04\/MO_IMG_2302-768x1024.jpg 768w, https:\/\/www.cca-imago.fr\/wp-content\/uploads\/2026\/04\/MO_IMG_2302-225x300.jpg 225w, https:\/\/www.cca-imago.fr\/wp-content\/uploads\/2026\/04\/MO_IMG_2302-1152x1536.jpg 1152w, https:\/\/www.cca-imago.fr\/wp-content\/uploads\/2026\/04\/MO_IMG_2302.jpg 1440w\" sizes=\"auto, (max-width: 768px) 100vw, 768px\" \/><\/figure>\n<\/figure>\n","protected":false},"excerpt":{"rendered":"<p>LIBEREZ LES PHOTOS ! Assez d&rsquo;\u00eatre enferm\u00e9es dans un cadre ! Marie-Louise laisse nous respirer ! Pr\u00e9sentations de photos de mani\u00e8re diff\u00e9rente et sortant de l&rsquo;ordinaire : agamographes, leporellos, puzzles, store v\u00e9nitien, assemblage, superposition, &#8230;. et tant d&rsquo;autres possibles encore. Et le making-off de l&rsquo;exposition&#8230;<\/p>\n","protected":false},"author":5,"featured_media":10538,"comment_status":"open","ping_status":"open","sticky":false,"template":"","format":"standard","meta":{"footnotes":""},"categories":[227],"tags":[],"class_list":["post-10548","post","type-post","status-publish","format-standard","has-post-thumbnail","hentry","category-ateliers"],"yoast_head":"<!-- This site is optimized with the Yoast SEO plugin v27.5 - https:\/\/yoast.com\/product\/yoast-seo-wordpress\/ -->\n<title>Groupe N&amp;B 2025\/2026 - Photo hors cadre - CCA imago<\/title>\n<meta name=\"robots\" content=\"index, follow, max-snippet:-1, max-image-preview:large, max-video-preview:-1\" \/>\n<link rel=\"canonical\" href=\"https:\/\/www.cca-imago.fr\/index.php\/2026\/04\/25\/groupe-nb-2025-2026-photo-hors-cadre\/\" \/>\n<meta property=\"og:locale\" content=\"fr_FR\" \/>\n<meta property=\"og:type\" content=\"article\" \/>\n<meta property=\"og:title\" content=\"Groupe N&amp;B 2025\/2026 - Photo hors cadre - CCA imago\" \/>\n<meta property=\"og:description\" content=\"LIBEREZ LES PHOTOS ! Assez d&rsquo;\u00eatre enferm\u00e9es dans un cadre ! Marie-Louise laisse nous respirer ! Pr\u00e9sentations de photos de mani\u00e8re diff\u00e9rente et sortant de l&rsquo;ordinaire : agamographes, leporellos, puzzles, store v\u00e9nitien, assemblage, superposition, &#8230;. et tant d&rsquo;autres possibles encore. Et le making-off de l&rsquo;exposition&#8230;\" \/>\n<meta property=\"og:url\" content=\"https:\/\/www.cca-imago.fr\/index.php\/2026\/04\/25\/groupe-nb-2025-2026-photo-hors-cadre\/\" \/>\n<meta property=\"og:site_name\" content=\"CCA imago\" \/>\n<meta property=\"article:publisher\" content=\"https:\/\/facebook\/ccaimago\" \/>\n<meta property=\"article:published_time\" content=\"2026-04-24T22:20:47+00:00\" \/>\n<meta property=\"article:modified_time\" content=\"2026-04-25T06:50:28+00:00\" \/>\n<meta property=\"og:image\" content=\"https:\/\/www.cca-imago.fr\/wp-content\/uploads\/2026\/04\/AP_IMG_2404-1024x768.jpg\" \/>\n\t<meta property=\"og:image:width\" content=\"1024\" \/>\n\t<meta property=\"og:image:height\" content=\"768\" \/>\n\t<meta property=\"og:image:type\" content=\"image\/jpeg\" \/>\n<meta name=\"author\" content=\"Estelle D&#039;AGOSTINO\" \/>\n<meta name=\"twitter:card\" content=\"summary_large_image\" \/>\n<meta name=\"twitter:label1\" content=\"\u00c9crit par\" \/>\n\t<meta name=\"twitter:data1\" content=\"Estelle D&#039;AGOSTINO\" \/>\n\t<meta name=\"twitter:label2\" content=\"Dur\u00e9e de lecture estim\u00e9e\" \/>\n\t<meta name=\"twitter:data2\" content=\"6 minutes\" \/>\n<script type=\"application\/ld+json\" class=\"yoast-schema-graph\">{\"@context\":\"https:\\\/\\\/schema.org\",\"@graph\":[{\"@type\":\"Article\",\"@id\":\"https:\\\/\\\/www.cca-imago.fr\\\/index.php\\\/2026\\\/04\\\/25\\\/groupe-nb-2025-2026-photo-hors-cadre\\\/#article\",\"isPartOf\":{\"@id\":\"https:\\\/\\\/www.cca-imago.fr\\\/index.php\\\/2026\\\/04\\\/25\\\/groupe-nb-2025-2026-photo-hors-cadre\\\/\"},\"author\":{\"name\":\"Estelle D'AGOSTINO\",\"@id\":\"https:\\\/\\\/www.cca-imago.fr\\\/#\\\/schema\\\/person\\\/d36d35aee96afc46493d052a4e5b1d9c\"},\"headline\":\"Groupe N&amp;B 2025\\\/2026 &#8211; Photo hors cadre\",\"datePublished\":\"2026-04-24T22:20:47+00:00\",\"dateModified\":\"2026-04-25T06:50:28+00:00\",\"mainEntityOfPage\":{\"@id\":\"https:\\\/\\\/www.cca-imago.fr\\\/index.php\\\/2026\\\/04\\\/25\\\/groupe-nb-2025-2026-photo-hors-cadre\\\/\"},\"wordCount\":57,\"commentCount\":0,\"publisher\":{\"@id\":\"https:\\\/\\\/www.cca-imago.fr\\\/#organization\"},\"image\":{\"@id\":\"https:\\\/\\\/www.cca-imago.fr\\\/index.php\\\/2026\\\/04\\\/25\\\/groupe-nb-2025-2026-photo-hors-cadre\\\/#primaryimage\"},\"thumbnailUrl\":\"https:\\\/\\\/www.cca-imago.fr\\\/wp-content\\\/uploads\\\/2026\\\/04\\\/AP_IMG_2404.jpg\",\"articleSection\":[\"Ateliers\"],\"inLanguage\":\"fr-FR\",\"potentialAction\":[{\"@type\":\"CommentAction\",\"name\":\"Comment\",\"target\":[\"https:\\\/\\\/www.cca-imago.fr\\\/index.php\\\/2026\\\/04\\\/25\\\/groupe-nb-2025-2026-photo-hors-cadre\\\/#respond\"]}]},{\"@type\":\"WebPage\",\"@id\":\"https:\\\/\\\/www.cca-imago.fr\\\/index.php\\\/2026\\\/04\\\/25\\\/groupe-nb-2025-2026-photo-hors-cadre\\\/\",\"url\":\"https:\\\/\\\/www.cca-imago.fr\\\/index.php\\\/2026\\\/04\\\/25\\\/groupe-nb-2025-2026-photo-hors-cadre\\\/\",\"name\":\"Groupe N&amp;B 2025\\\/2026 - Photo hors cadre - CCA imago\",\"isPartOf\":{\"@id\":\"https:\\\/\\\/www.cca-imago.fr\\\/#website\"},\"primaryImageOfPage\":{\"@id\":\"https:\\\/\\\/www.cca-imago.fr\\\/index.php\\\/2026\\\/04\\\/25\\\/groupe-nb-2025-2026-photo-hors-cadre\\\/#primaryimage\"},\"image\":{\"@id\":\"https:\\\/\\\/www.cca-imago.fr\\\/index.php\\\/2026\\\/04\\\/25\\\/groupe-nb-2025-2026-photo-hors-cadre\\\/#primaryimage\"},\"thumbnailUrl\":\"https:\\\/\\\/www.cca-imago.fr\\\/wp-content\\\/uploads\\\/2026\\\/04\\\/AP_IMG_2404.jpg\",\"datePublished\":\"2026-04-24T22:20:47+00:00\",\"dateModified\":\"2026-04-25T06:50:28+00:00\",\"breadcrumb\":{\"@id\":\"https:\\\/\\\/www.cca-imago.fr\\\/index.php\\\/2026\\\/04\\\/25\\\/groupe-nb-2025-2026-photo-hors-cadre\\\/#breadcrumb\"},\"inLanguage\":\"fr-FR\",\"potentialAction\":[{\"@type\":\"ReadAction\",\"target\":[\"https:\\\/\\\/www.cca-imago.fr\\\/index.php\\\/2026\\\/04\\\/25\\\/groupe-nb-2025-2026-photo-hors-cadre\\\/\"]}]},{\"@type\":\"ImageObject\",\"inLanguage\":\"fr-FR\",\"@id\":\"https:\\\/\\\/www.cca-imago.fr\\\/index.php\\\/2026\\\/04\\\/25\\\/groupe-nb-2025-2026-photo-hors-cadre\\\/#primaryimage\",\"url\":\"https:\\\/\\\/www.cca-imago.fr\\\/wp-content\\\/uploads\\\/2026\\\/04\\\/AP_IMG_2404.jpg\",\"contentUrl\":\"https:\\\/\\\/www.cca-imago.fr\\\/wp-content\\\/uploads\\\/2026\\\/04\\\/AP_IMG_2404.jpg\",\"width\":1920,\"height\":1440},{\"@type\":\"BreadcrumbList\",\"@id\":\"https:\\\/\\\/www.cca-imago.fr\\\/index.php\\\/2026\\\/04\\\/25\\\/groupe-nb-2025-2026-photo-hors-cadre\\\/#breadcrumb\",\"itemListElement\":[{\"@type\":\"ListItem\",\"position\":1,\"name\":\"Accueil\",\"item\":\"https:\\\/\\\/www.cca-imago.fr\\\/\"},{\"@type\":\"ListItem\",\"position\":2,\"name\":\"Groupe N&amp;B 2025\\\/2026 &#8211; Photo hors cadre\"}]},{\"@type\":\"WebSite\",\"@id\":\"https:\\\/\\\/www.cca-imago.fr\\\/#website\",\"url\":\"https:\\\/\\\/www.cca-imago.fr\\\/\",\"name\":\"CCA imago\",\"description\":\"La passion des images partag\u00e9es\",\"publisher\":{\"@id\":\"https:\\\/\\\/www.cca-imago.fr\\\/#organization\"},\"potentialAction\":[{\"@type\":\"SearchAction\",\"target\":{\"@type\":\"EntryPoint\",\"urlTemplate\":\"https:\\\/\\\/www.cca-imago.fr\\\/?s={search_term_string}\"},\"query-input\":{\"@type\":\"PropertyValueSpecification\",\"valueRequired\":true,\"valueName\":\"search_term_string\"}}],\"inLanguage\":\"fr-FR\"},{\"@type\":\"Organization\",\"@id\":\"https:\\\/\\\/www.cca-imago.fr\\\/#organization\",\"name\":\"CCA imago\",\"url\":\"https:\\\/\\\/www.cca-imago.fr\\\/\",\"logo\":{\"@type\":\"ImageObject\",\"inLanguage\":\"fr-FR\",\"@id\":\"https:\\\/\\\/www.cca-imago.fr\\\/#\\\/schema\\\/logo\\\/image\\\/\",\"url\":\"http:\\\/\\\/www-dev.cca-imago.fr\\\/wp-content\\\/uploads\\\/2024\\\/06\\\/CCA-Logo.png\",\"contentUrl\":\"http:\\\/\\\/www-dev.cca-imago.fr\\\/wp-content\\\/uploads\\\/2024\\\/06\\\/CCA-Logo.png\",\"width\":233,\"height\":234,\"caption\":\"CCA imago\"},\"image\":{\"@id\":\"https:\\\/\\\/www.cca-imago.fr\\\/#\\\/schema\\\/logo\\\/image\\\/\"},\"sameAs\":[\"https:\\\/\\\/facebook\\\/ccaimago\",\"https:\\\/\\\/instagram.com\\\/ccaimago\"]},{\"@type\":\"Person\",\"@id\":\"https:\\\/\\\/www.cca-imago.fr\\\/#\\\/schema\\\/person\\\/d36d35aee96afc46493d052a4e5b1d9c\",\"name\":\"Estelle D'AGOSTINO\",\"image\":{\"@type\":\"ImageObject\",\"inLanguage\":\"fr-FR\",\"@id\":\"https:\\\/\\\/secure.gravatar.com\\\/avatar\\\/85d548d8cf82606a28a33826f50803d7e01266261509ff6e264a75d70f4d0ba1?s=96&d=mm&r=g\",\"url\":\"https:\\\/\\\/secure.gravatar.com\\\/avatar\\\/85d548d8cf82606a28a33826f50803d7e01266261509ff6e264a75d70f4d0ba1?s=96&d=mm&r=g\",\"contentUrl\":\"https:\\\/\\\/secure.gravatar.com\\\/avatar\\\/85d548d8cf82606a28a33826f50803d7e01266261509ff6e264a75d70f4d0ba1?s=96&d=mm&r=g\",\"caption\":\"Estelle D'AGOSTINO\"},\"url\":\"https:\\\/\\\/www.cca-imago.fr\\\/index.php\\\/author\\\/estelle\\\/\"}]}<\/script>\n<!-- \/ Yoast SEO plugin. -->","yoast_head_json":{"title":"Groupe N&amp;B 2025\/2026 - Photo hors cadre - CCA imago","robots":{"index":"index","follow":"follow","max-snippet":"max-snippet:-1","max-image-preview":"max-image-preview:large","max-video-preview":"max-video-preview:-1"},"canonical":"https:\/\/www.cca-imago.fr\/index.php\/2026\/04\/25\/groupe-nb-2025-2026-photo-hors-cadre\/","og_locale":"fr_FR","og_type":"article","og_title":"Groupe N&amp;B 2025\/2026 - Photo hors cadre - CCA imago","og_description":"LIBEREZ LES PHOTOS ! Assez d&rsquo;\u00eatre enferm\u00e9es dans un cadre ! Marie-Louise laisse nous respirer ! Pr\u00e9sentations de photos de mani\u00e8re diff\u00e9rente et sortant de l&rsquo;ordinaire : agamographes, leporellos, puzzles, store v\u00e9nitien, assemblage, superposition, &#8230;. et tant d&rsquo;autres possibles encore. Et le making-off de l&rsquo;exposition&#8230;","og_url":"https:\/\/www.cca-imago.fr\/index.php\/2026\/04\/25\/groupe-nb-2025-2026-photo-hors-cadre\/","og_site_name":"CCA imago","article_publisher":"https:\/\/facebook\/ccaimago","article_published_time":"2026-04-24T22:20:47+00:00","article_modified_time":"2026-04-25T06:50:28+00:00","og_image":[{"width":1024,"height":768,"url":"https:\/\/www.cca-imago.fr\/wp-content\/uploads\/2026\/04\/AP_IMG_2404-1024x768.jpg","type":"image\/jpeg"}],"author":"Estelle D'AGOSTINO","twitter_card":"summary_large_image","twitter_misc":{"\u00c9crit par":"Estelle D'AGOSTINO","Dur\u00e9e de lecture estim\u00e9e":"6 minutes"},"schema":{"@context":"https:\/\/schema.org","@graph":[{"@type":"Article","@id":"https:\/\/www.cca-imago.fr\/index.php\/2026\/04\/25\/groupe-nb-2025-2026-photo-hors-cadre\/#article","isPartOf":{"@id":"https:\/\/www.cca-imago.fr\/index.php\/2026\/04\/25\/groupe-nb-2025-2026-photo-hors-cadre\/"},"author":{"name":"Estelle D'AGOSTINO","@id":"https:\/\/www.cca-imago.fr\/#\/schema\/person\/d36d35aee96afc46493d052a4e5b1d9c"},"headline":"Groupe N&amp;B 2025\/2026 &#8211; Photo hors cadre","datePublished":"2026-04-24T22:20:47+00:00","dateModified":"2026-04-25T06:50:28+00:00","mainEntityOfPage":{"@id":"https:\/\/www.cca-imago.fr\/index.php\/2026\/04\/25\/groupe-nb-2025-2026-photo-hors-cadre\/"},"wordCount":57,"commentCount":0,"publisher":{"@id":"https:\/\/www.cca-imago.fr\/#organization"},"image":{"@id":"https:\/\/www.cca-imago.fr\/index.php\/2026\/04\/25\/groupe-nb-2025-2026-photo-hors-cadre\/#primaryimage"},"thumbnailUrl":"https:\/\/www.cca-imago.fr\/wp-content\/uploads\/2026\/04\/AP_IMG_2404.jpg","articleSection":["Ateliers"],"inLanguage":"fr-FR","potentialAction":[{"@type":"CommentAction","name":"Comment","target":["https:\/\/www.cca-imago.fr\/index.php\/2026\/04\/25\/groupe-nb-2025-2026-photo-hors-cadre\/#respond"]}]},{"@type":"WebPage","@id":"https:\/\/www.cca-imago.fr\/index.php\/2026\/04\/25\/groupe-nb-2025-2026-photo-hors-cadre\/","url":"https:\/\/www.cca-imago.fr\/index.php\/2026\/04\/25\/groupe-nb-2025-2026-photo-hors-cadre\/","name":"Groupe N&amp;B 2025\/2026 - Photo hors cadre - CCA imago","isPartOf":{"@id":"https:\/\/www.cca-imago.fr\/#website"},"primaryImageOfPage":{"@id":"https:\/\/www.cca-imago.fr\/index.php\/2026\/04\/25\/groupe-nb-2025-2026-photo-hors-cadre\/#primaryimage"},"image":{"@id":"https:\/\/www.cca-imago.fr\/index.php\/2026\/04\/25\/groupe-nb-2025-2026-photo-hors-cadre\/#primaryimage"},"thumbnailUrl":"https:\/\/www.cca-imago.fr\/wp-content\/uploads\/2026\/04\/AP_IMG_2404.jpg","datePublished":"2026-04-24T22:20:47+00:00","dateModified":"2026-04-25T06:50:28+00:00","breadcrumb":{"@id":"https:\/\/www.cca-imago.fr\/index.php\/2026\/04\/25\/groupe-nb-2025-2026-photo-hors-cadre\/#breadcrumb"},"inLanguage":"fr-FR","potentialAction":[{"@type":"ReadAction","target":["https:\/\/www.cca-imago.fr\/index.php\/2026\/04\/25\/groupe-nb-2025-2026-photo-hors-cadre\/"]}]},{"@type":"ImageObject","inLanguage":"fr-FR","@id":"https:\/\/www.cca-imago.fr\/index.php\/2026\/04\/25\/groupe-nb-2025-2026-photo-hors-cadre\/#primaryimage","url":"https:\/\/www.cca-imago.fr\/wp-content\/uploads\/2026\/04\/AP_IMG_2404.jpg","contentUrl":"https:\/\/www.cca-imago.fr\/wp-content\/uploads\/2026\/04\/AP_IMG_2404.jpg","width":1920,"height":1440},{"@type":"BreadcrumbList","@id":"https:\/\/www.cca-imago.fr\/index.php\/2026\/04\/25\/groupe-nb-2025-2026-photo-hors-cadre\/#breadcrumb","itemListElement":[{"@type":"ListItem","position":1,"name":"Accueil","item":"https:\/\/www.cca-imago.fr\/"},{"@type":"ListItem","position":2,"name":"Groupe N&amp;B 2025\/2026 &#8211; Photo hors cadre"}]},{"@type":"WebSite","@id":"https:\/\/www.cca-imago.fr\/#website","url":"https:\/\/www.cca-imago.fr\/","name":"CCA imago","description":"La passion des images partag\u00e9es","publisher":{"@id":"https:\/\/www.cca-imago.fr\/#organization"},"potentialAction":[{"@type":"SearchAction","target":{"@type":"EntryPoint","urlTemplate":"https:\/\/www.cca-imago.fr\/?s={search_term_string}"},"query-input":{"@type":"PropertyValueSpecification","valueRequired":true,"valueName":"search_term_string"}}],"inLanguage":"fr-FR"},{"@type":"Organization","@id":"https:\/\/www.cca-imago.fr\/#organization","name":"CCA imago","url":"https:\/\/www.cca-imago.fr\/","logo":{"@type":"ImageObject","inLanguage":"fr-FR","@id":"https:\/\/www.cca-imago.fr\/#\/schema\/logo\/image\/","url":"http:\/\/www-dev.cca-imago.fr\/wp-content\/uploads\/2024\/06\/CCA-Logo.png","contentUrl":"http:\/\/www-dev.cca-imago.fr\/wp-content\/uploads\/2024\/06\/CCA-Logo.png","width":233,"height":234,"caption":"CCA imago"},"image":{"@id":"https:\/\/www.cca-imago.fr\/#\/schema\/logo\/image\/"},"sameAs":["https:\/\/facebook\/ccaimago","https:\/\/instagram.com\/ccaimago"]},{"@type":"Person","@id":"https:\/\/www.cca-imago.fr\/#\/schema\/person\/d36d35aee96afc46493d052a4e5b1d9c","name":"Estelle D'AGOSTINO","image":{"@type":"ImageObject","inLanguage":"fr-FR","@id":"https:\/\/secure.gravatar.com\/avatar\/85d548d8cf82606a28a33826f50803d7e01266261509ff6e264a75d70f4d0ba1?s=96&d=mm&r=g","url":"https:\/\/secure.gravatar.com\/avatar\/85d548d8cf82606a28a33826f50803d7e01266261509ff6e264a75d70f4d0ba1?s=96&d=mm&r=g","contentUrl":"https:\/\/secure.gravatar.com\/avatar\/85d548d8cf82606a28a33826f50803d7e01266261509ff6e264a75d70f4d0ba1?s=96&d=mm&r=g","caption":"Estelle D'AGOSTINO"},"url":"https:\/\/www.cca-imago.fr\/index.php\/author\/estelle\/"}]}},"_links":{"self":[{"href":"https:\/\/www.cca-imago.fr\/index.php\/wp-json\/wp\/v2\/posts\/10548","targetHints":{"allow":["GET"]}}],"collection":[{"href":"https:\/\/www.cca-imago.fr\/index.php\/wp-json\/wp\/v2\/posts"}],"about":[{"href":"https:\/\/www.cca-imago.fr\/index.php\/wp-json\/wp\/v2\/types\/post"}],"author":[{"embeddable":true,"href":"https:\/\/www.cca-imago.fr\/index.php\/wp-json\/wp\/v2\/users\/5"}],"replies":[{"embeddable":true,"href":"https:\/\/www.cca-imago.fr\/index.php\/wp-json\/wp\/v2\/comments?post=10548"}],"version-history":[{"count":5,"href":"https:\/\/www.cca-imago.fr\/index.php\/wp-json\/wp\/v2\/posts\/10548\/revisions"}],"predecessor-version":[{"id":10586,"href":"https:\/\/www.cca-imago.fr\/index.php\/wp-json\/wp\/v2\/posts\/10548\/revisions\/10586"}],"wp:featuredmedia":[{"embeddable":true,"href":"https:\/\/www.cca-imago.fr\/index.php\/wp-json\/wp\/v2\/media\/10538"}],"wp:attachment":[{"href":"https:\/\/www.cca-imago.fr\/index.php\/wp-json\/wp\/v2\/media?parent=10548"}],"wp:term":[{"taxonomy":"category","embeddable":true,"href":"https:\/\/www.cca-imago.fr\/index.php\/wp-json\/wp\/v2\/categories?post=10548"},{"taxonomy":"post_tag","embeddable":true,"href":"https:\/\/www.cca-imago.fr\/index.php\/wp-json\/wp\/v2\/tags?post=10548"}],"curies":[{"name":"wp","href":"https:\/\/api.w.org\/{rel}","templated":true}]}}